[{"@context":"https:\/\/schema.org\/","@type":"Article","@id":"https:\/\/www.venstar.cz\/%e2%80%8b%e2%80%8b%e2%80%8b%e2%80%8b%e2%80%8b%e2%80%8b%e2%80%8bprakticky-nabytek\/#Article","mainEntityOfPage":"https:\/\/www.venstar.cz\/%e2%80%8b%e2%80%8b%e2%80%8b%e2%80%8b%e2%80%8b%e2%80%8b%e2%80%8bprakticky-nabytek\/","headline":"\u200b\u200b\u200b\u200b\u200b\u200b\u200bPraktick\u00fd n\u00e1bytek","name":"\u200b\u200b\u200b\u200b\u200b\u200b\u200bPraktick\u00fd n\u00e1bytek","description":"Praktick\u00fd n\u00e1bytek St\u00e1le n\u00e1m slou\u017e\u00ed Doma tr\u00e1v\u00edme dost \u010dasu, a proto tu mus\u00edme m\u00edt pot\u0159ebn\u00e9 vybaven\u00ed, abychom mohli norm\u00e1ln\u011b fungovat. Jedn\u00edm z d\u016fle\u017eit\u00fdch vybaven\u00ed je n\u00e1bytek, kter\u00fd najdeme snad v ka\u017ed\u00e9 dom\u00e1cnosti. Jeho prvn\u00edm \u00fa\u010delem je skladov\u00e1n\u00ed v\u011bc\u00ed, aby v\u0161e m\u011blo sv\u00e9 m\u00edsto a jakmile budeme n\u011bco hledat, tak abychom m\u011bli danou v\u011bc po ruce. [&hellip;]","datePublished":"2021-09-25","dateModified":"2023-06-08","author":{"@type":"Person","@id":"https:\/\/www.venstar.cz\/author\/#Person","name":"","url":"https:\/\/www.venstar.cz\/author\/","identifier":1,"image":{"@type":"ImageObject","@id":"https:\/\/secure.gravatar.com\/avatar\/f677d652d46d6437b40497bee38030612d53a3103b24904f519be33cae485306?s=96&d=mm&r=g","url":"https:\/\/secure.gravatar.com\/avatar\/f677d652d46d6437b40497bee38030612d53a3103b24904f519be33cae485306?s=96&d=mm&r=g","height":96,"width":96}},"publisher":{"@type":"Organization","name":"venstar.cz","logo":{"@type":"ImageObject","@id":"\/logo.png","url":"\/logo.png","width":600,"height":60}},"image":{"@type":"ImageObject","@id":"https:\/\/www.venstar.cz\/wp-content\/uploads\/n%C3%A1bytek%20v%20ob%C3%BDv%C3%A1ku_5.jpg","url":"https:\/\/www.venstar.cz\/wp-content\/uploads\/n%C3%A1bytek%20v%20ob%C3%BDv%C3%A1ku_5.jpg","height":0,"width":0},"url":"https:\/\/www.venstar.cz\/%e2%80%8b%e2%80%8b%e2%80%8b%e2%80%8b%e2%80%8b%e2%80%8b%e2%80%8bprakticky-nabytek\/","about":["M\u00f3da"],"wordCount":433,"articleBody":"       Praktick\u00fd n\u00e1bytekSt\u00e1le n\u00e1m slou\u017e\u00edDoma tr\u00e1v\u00edme dost \u010dasu, a proto tu mus\u00edme m\u00edt pot\u0159ebn\u00e9 vybaven\u00ed, abychom mohli norm\u00e1ln\u011b fungovat. Jedn\u00edm z d\u016fle\u017eit\u00fdch vybaven\u00ed je n\u00e1bytek, kter\u00fd najdeme snad v ka\u017ed\u00e9 dom\u00e1cnosti. Jeho prvn\u00edm \u00fa\u010delem je skladov\u00e1n\u00ed v\u011bc\u00ed, aby v\u0161e m\u011blo sv\u00e9 m\u00edsto a jakmile budeme n\u011bco hledat, tak abychom m\u011bli danou v\u011bc po ruce. Ke skladov\u00e1n\u00ed m\u016f\u017ee slou\u017eit i reg\u00e1l, ale doma to mus\u00ed n\u011bjak vypadat, proto se vyr\u00e1b\u00ed t\u0159eba sk\u0159\u00edn\u011b a poli\u010dky. D\u00e1le tu m\u00e1me u\u017eitkovou \u010d\u00e1st, jen\u017e m\u016f\u017eeme uv\u00e9st na p\u0159\u00edkladu kuchy\u0148sk\u00e9 st\u011bny, proto\u017ee p\u0159i va\u0159en\u00ed je pot\u0159eba m\u00edt dobr\u00fd pracovn\u00ed prostor a pot\u0159ebn\u00e9 spot\u0159ebi\u010de. D\u00e1le na n\u00e1bytku m\u00e1me dal\u0161\u00ed v\u011bci jako jsou elektrick\u00e9 spot\u0159ebi\u010de, proto\u017ee jist\u011b nechcete m\u00edt televizi na zemi. Velkou roli tu hraje vzhled, proto\u017ee tyto produkty n\u00e1m zauj\u00edmaj\u00ed celkem dost m\u00edsta, tak\u017ee se je skute\u010dn\u011b dost d\u016fle\u017eit\u00e9, jak vypadaj\u00ed. Mus\u00edme se d\u00edvat tak\u00e9 na harmonii mezi jednotliv\u00fdmi m\u00edstnostmi, aby ka\u017ed\u00e1 nem\u011bla \u00fapln\u011b jin\u00fd styl.R\u016fzn\u00e9 stylyKdy\u017e vyb\u00edr\u00e1me n\u00e1bytek, tak bychom m\u011bli br\u00e1t v potaz n\u00e1\u0161 vkus, aby se n\u00e1m n\u00e1bytek skute\u010dn\u011b l\u00edbil, proto\u017ee to nen\u00ed v\u011bc, kterou bychom kupovali ka\u017ed\u00fd den. D\u00e1le z\u00e1le\u017e\u00ed na celkov\u00e9m designu na\u0161eho bydlen\u00ed, proto\u017ee se n\u00e1m mus\u00ed do prostoru hodit. D\u00e1vejte pozor tak\u00e9 na rozm\u011bry, tak\u017ee v\u0161echno zm\u011b\u0159te rad\u011bji dvakr\u00e1t a od st\u011bn nechte mezeru, aby n\u00e1bytek a st\u011bny mohli d\u00fdchat. Nemus\u00edme vybavovat jenom bydlen\u00ed, proto\u017ee za\u0159izovat mus\u00edme i rekrea\u010dn\u00ed za\u0159\u00edzen\u00ed jako je chata. Zde se m\u016f\u017eeme vydat na cestu tradi\u010dn\u00edho vzhledu, proto\u017ee prakti\u010dnost tu nen\u00ed a\u017e zas tak d\u016fle\u017eit\u00e1. Naprosto ide\u00e1ln\u00ed selsk\u00fd n\u00e1bytek z masivu, kter\u00fd vypad\u00e1 skv\u011ble a hodn\u011b toho vydr\u017e\u00ed. Masiv je v mnoha sm\u011brech skv\u011bl\u00fd materi\u00e1l, proto\u017ee je hezk\u00fd a hodn\u011b toho vydr\u017e\u00ed. Sortiment je rozs\u00e1hl\u00fd, tak\u017ee m\u016f\u017eete vyb\u00edrat, jak se V\u00e1m zl\u00edb\u00ed. Po\u010d\u00edtejte s vy\u0161\u0161\u00ed cenou ne\u017e u oby\u010dejn\u00e9ho n\u00e1bytku, proto\u017ee tento je v\u00fdjime\u010dn\u00fd a vynik\u00e1 svou odolnost\u00ed.                                                                                                                                                                                                                                                                                                                                                                                           4\/5 - (8 votes)        "},{"@context":"https:\/\/schema.org\/","@type":"BreadcrumbList","itemListElement":[{"@type":"ListItem","position":1,"name":"\u200b\u200b\u200b\u200b\u200b\u200b\u200bPraktick\u00fd n\u00e1bytek","item":"https:\/\/www.venstar.cz\/%e2%80%8b%e2%80%8b%e2%80%8b%e2%80%8b%e2%80%8b%e2%80%8b%e2%80%8bprakticky-nabytek\/#breadcrumbitem"}]}]