[{"@context":"https:\/\/schema.org\/","@type":"Article","@id":"https:\/\/www.venstar.cz\/jsou-aktualni-opatreni-na-podporu-ekonomiky-dostatecna\/#Article","mainEntityOfPage":"https:\/\/www.venstar.cz\/jsou-aktualni-opatreni-na-podporu-ekonomiky-dostatecna\/","headline":"Jsou aktu\u00e1ln\u00ed opat\u0159en\u00ed na podporu ekonomiky dostate\u010dn\u00e1?","name":"Jsou aktu\u00e1ln\u00ed opat\u0159en\u00ed na podporu ekonomiky dostate\u010dn\u00e1?","description":"Asi nen\u00ed t\u0159eba \u0159\u00edkat, \u017ee sou\u010dasn\u00e1 pandemie zas\u00e1hla n\u00e1s v\u0161echny. To plat\u00ed nejen o b\u011b\u017en\u00fdch lidech. Silnou r\u00e1nu dostala i na\u0161e ekonomika, a to hned z n\u011bkolika d\u016fvod\u016f. T\u00edm hlavn\u00ed je fakt, \u017ee vl\u00e1dn\u00ed opat\u0159en\u00ed zna\u010dn\u011b omezila mo\u017enosti jak distribuce, tak i po\u010det zam\u011bstnanc\u016f. Ti toti\u017e museli p\u0159i sebemen\u0161\u00edch p\u0159\u00edznac\u00edch z\u016fstat doma. Nav\u00edc je zde [&hellip;]","datePublished":"2022-01-21","dateModified":"2023-06-08","author":{"@type":"Person","@id":"https:\/\/www.venstar.cz\/author\/#Person","name":"","url":"https:\/\/www.venstar.cz\/author\/","identifier":1,"image":{"@type":"ImageObject","@id":"https:\/\/secure.gravatar.com\/avatar\/f677d652d46d6437b40497bee38030612d53a3103b24904f519be33cae485306?s=96&d=mm&r=g","url":"https:\/\/secure.gravatar.com\/avatar\/f677d652d46d6437b40497bee38030612d53a3103b24904f519be33cae485306?s=96&d=mm&r=g","height":96,"width":96}},"publisher":{"@type":"Organization","name":"venstar.cz","logo":{"@type":"ImageObject","@id":"\/logo.png","url":"\/logo.png","width":600,"height":60}},"image":{"@type":"ImageObject","@id":"https:\/\/www.venstar.cz\/wp-content\/uploads\/ekonomika1_2.jpg","url":"https:\/\/www.venstar.cz\/wp-content\/uploads\/ekonomika1_2.jpg","height":0,"width":0},"url":"https:\/\/www.venstar.cz\/jsou-aktualni-opatreni-na-podporu-ekonomiky-dostatecna\/","about":["Zbo\u017e\u00ed"],"wordCount":431,"articleBody":"   Asi nen\u00ed t\u0159eba \u0159\u00edkat, \u017ee sou\u010dasn\u00e1 pandemie zas\u00e1hla n\u00e1s v\u0161echny. To plat\u00ed nejen o b\u011b\u017en\u00fdch lidech. Silnou r\u00e1nu dostala i na\u0161e ekonomika, a to hned z n\u011bkolika d\u016fvod\u016f.T\u00edm hlavn\u00ed je fakt, \u017ee vl\u00e1dn\u00ed opat\u0159en\u00ed zna\u010dn\u011b omezila mo\u017enosti jak distribuce, tak i po\u010det zam\u011bstnanc\u016f. Ti toti\u017e museli p\u0159i sebemen\u0161\u00edch p\u0159\u00edznac\u00edch z\u016fstat doma. Nav\u00edc je zde i fakt, \u017ee mnoho obchod\u016f bylo zav\u0159eno, s v\u00fdjimkou prodeje p\u0159es internet. To tak\u00e9 zna\u010dn\u011b sn\u00ed\u017eilo dosa\u017een\u00e9 tr\u017eby, zejm\u00e9na men\u0161\u00edm podnikatel\u016fm.Nen\u00ed tedy divu, \u017ee se to dotklo i na\u0161\u00ed ekonomiky jako celku. N\u00e1sledky vid\u00edme p\u0159edev\u0161\u00edm v m\u00ed\u0159e inflace a s t\u00edm spojen\u00e9ho r\u016fstu cen. To se dotklo prakticky v\u0161eho zbo\u017e\u00ed, av\u0161ak pon\u011bkud ironicky se nejv\u00edce zvedly ceny plynu a elekt\u0159iny, tedy komodit, kter\u00e9 byly touto neobvyklou situac\u00ed zasa\u017eeny relativn\u011b nejm\u00e9n\u011b.Je v\u0161ak pochopiteln\u00e9, \u017ee se vl\u00e1da mus\u00ed pokusit co nejd\u0159\u00edve situaci pokud mo\u017eno stabilizovat a znovu na\u0161i ekonomiku nastartovat. Proto tak\u00e9 vyd\u00e1v\u00e1 nejr\u016fzn\u011bj\u0161\u00ed na\u0159\u00edzen\u00ed, kter\u00e1 tomu maj\u00ed pomoci. Av\u0161ak aktu\u00e1ln\u00ed opat\u0159en\u00ed na podporu ekonomiky jsou \u010dasto p\u0159edev\u0161\u00edm podnikateli ozna\u010dov\u00e1ny za nedostate\u010dn\u00e1. Probl\u00e9my maj\u00ed p\u0159edev\u0161\u00edm mal\u00e9 rodinn\u00e9 firmy, kter\u00e9 \u010dasto maj\u00ed jen jednu prodejnu a sv\u00e9 zbo\u017e\u00ed nenab\u00edz\u00ed p\u0159es internet.Pr\u00e1v\u011b pro n\u011b je ur\u010dena mo\u017enost za\u017e\u00e1dat si o vl\u00e1dn\u00ed p\u0159\u00edsp\u011bvek, kter\u00fd by jim m\u011bl pomoci sn\u00ed\u017een\u00ed zisku vyrovnat. A\u017e potud je samoz\u0159ejm\u011b v\u0161e v po\u0159\u00e1dku. Probl\u00e9m v\u0161ak je, \u017ee v\u00fd\u0161e on\u00e9 podpory rozhodn\u011b nen\u00ed tak velik\u00e1, jak by si tito podnikatel\u00e9 p\u0159edstavovali.Bohu\u017eel je zde i druh\u00e1 strana mince. Vl\u00e1da toti\u017e mus\u00ed pen\u00edze na podporu n\u011bkde vz\u00edt. A pokud se prod\u00e1v\u00e1 podstatn\u011b m\u00e9n\u011b, znamen\u00e1 to tak\u00e9, \u017ee do st\u00e1tn\u00ed pokladny p\u0159ijde m\u00e9n\u011b pen\u011bz vybran\u00fdch na dan\u00edch, p\u0159edev\u0161\u00edm DPH, ale i z p\u0159\u00edjmu. Neznamen\u00e1 to nic jin\u00e9ho, ne\u017e \u017ee vl\u00e1da mus\u00ed vydat v\u00edce pen\u011bz, a\u010dkoliv m\u00e1 ni\u017e\u0161\u00ed p\u0159\u00edjem.I to je jeden z d\u016fvod\u016f, pro\u010d m\u00e1me rekordn\u00ed schodek st\u00e1tn\u00edho rozpo\u010dtu. P\u0159esto doufaj\u00ed, \u017ee se jim takto poda\u0159\u00ed na\u0161i ekonomickou situaci zlep\u0161it. Jin\u00e1 mo\u017enost toti\u017e prakticky nen\u00ed.                                                                                                                                                                                                                                                                                                                                                                                          3.9\/5 - (7 votes)        "},{"@context":"https:\/\/schema.org\/","@type":"BreadcrumbList","itemListElement":[{"@type":"ListItem","position":1,"name":"Jsou aktu\u00e1ln\u00ed opat\u0159en\u00ed na podporu ekonomiky dostate\u010dn\u00e1?","item":"https:\/\/www.venstar.cz\/jsou-aktualni-opatreni-na-podporu-ekonomiky-dostatecna\/#breadcrumbitem"}]}]