[{"@context":"https:\/\/schema.org\/","@type":"Article","@id":"https:\/\/www.venstar.cz\/kontroverzni-temata-ve-spolecnosti\/#Article","mainEntityOfPage":"https:\/\/www.venstar.cz\/kontroverzni-temata-ve-spolecnosti\/","headline":"Kontroverzn\u00ed t\u00e9mata ve spole\u010dnosti","name":"Kontroverzn\u00ed t\u00e9mata ve spole\u010dnosti","description":"Ka\u017ed\u00fd den se toho ve sv\u011bt\u011b d\u011bje opravdu mnoho a d\u00edky internetu a m\u00e9di\u00edm o tom v\u0161em m\u016f\u017eeme m\u00edt aktu\u00e1ln\u00ed p\u0159ehled z pohodl\u00ed na\u0161eho domova. T\u00e9mata jsou velmi rozli\u010dn\u00e1 a n\u011bkter\u00e1 bud\u00ed opravdu siln\u00e9 emoce. Jedn\u00edm z t\u00e9mat, kter\u00e9 u\u017e n\u011bkolik let h\u00fdbe \u010deskou spole\u010dnost\u00ed je p\u0159\u00edm\u00e1 volba prezidenta. Jeliko\u017e je volba dvoukolov\u00e1, tak n\u00e1s [&hellip;]","datePublished":"2023-03-07","dateModified":"2023-06-08","author":{"@type":"Person","@id":"https:\/\/www.venstar.cz\/author\/#Person","name":"","url":"https:\/\/www.venstar.cz\/author\/","identifier":1,"image":{"@type":"ImageObject","@id":"https:\/\/secure.gravatar.com\/avatar\/f677d652d46d6437b40497bee38030612d53a3103b24904f519be33cae485306?s=96&d=mm&r=g","url":"https:\/\/secure.gravatar.com\/avatar\/f677d652d46d6437b40497bee38030612d53a3103b24904f519be33cae485306?s=96&d=mm&r=g","height":96,"width":96}},"publisher":{"@type":"Organization","name":"venstar.cz","logo":{"@type":"ImageObject","@id":"\/logo.png","url":"\/logo.png","width":600,"height":60}},"image":{"@type":"ImageObject","@id":"https:\/\/www.venstar.cz\/wp-content\/uploads\/projev%20prezidenta.jpg","url":"https:\/\/www.venstar.cz\/wp-content\/uploads\/projev%20prezidenta.jpg","height":0,"width":0},"url":"https:\/\/www.venstar.cz\/kontroverzni-temata-ve-spolecnosti\/","about":["Spole\u010dnost"],"wordCount":438,"articleBody":"Ka\u017ed\u00fd den se toho ve sv\u011bt\u011b d\u011bje opravdu mnoho a d\u00edky internetu a m\u00e9di\u00edm o tom v\u0161em m\u016f\u017eeme m\u00edt aktu\u00e1ln\u00ed p\u0159ehled z pohodl\u00ed na\u0161eho domova. T\u00e9mata jsou velmi rozli\u010dn\u00e1 a n\u011bkter\u00e1 bud\u00ed opravdu siln\u00e9 emoce. Jedn\u00edm z t\u00e9mat, kter\u00e9 u\u017e n\u011bkolik let h\u00fdbe \u010deskou spole\u010dnost\u00ed je p\u0159\u00edm\u00e1 volba prezidenta. Jeliko\u017e je volba dvoukolov\u00e1, tak n\u00e1s nut\u00ed si na za\u010d\u00e1tku vybrat kandid\u00e1ta, kter\u00fd se dostane do druh\u00e9ho kola a pot\u00e9 vyb\u00edrat ze dvou, kte\u0159\u00ed v tom druh\u00e9m kole jsou, i kdy\u017e to t\u0159eba nebyli n\u00e1mi volen\u00ed kandid\u00e1ti z prvn\u00edho kola. Kandid\u00e1ti maj\u00ed v\u017edy tradi\u010dn\u011b vize, kter\u00e9 by cht\u011bli ve sv\u00e9m \u00fa\u0159adu napl\u0148ovat a n\u011bkdy tak\u00e9 zast\u00e1vaj\u00ed pom\u011brn\u011b ostr\u00e9 n\u00e1zory, kter\u00fdmi cht\u011bj\u00ed p\u0159il\u00e1kat ur\u010ditou skupinu obyvatel. Ka\u017ed\u00fd si tvo\u0159\u00ed vlastn\u00ed n\u00e1zor na jednotliv\u00e9 kandid\u00e1ty a jeliko\u017e ve to p\u0159\u00edm\u00e1 volba a v \u00fa\u0159ad\u011b nakonec bude konkr\u00e9tn\u00ed \u010dlov\u011bk, kter\u00e9ho vol\u00edme, tak se to jev\u00ed jako z\u00e1sadn\u00ed a c\u00edt\u00edme na tom v\u011bt\u0161\u00ed spolu\u00fa\u010dast a\u0165 to dopadne jakkoliv. Ve spole\u010dnosti \u010dasto pot\u00e9 vznikaj\u00ed vyost\u0159en\u00e9 n\u00e1zory kv\u016fli siln\u00fdm p\u0159esv\u011bd\u010den\u00edm, pro\u010d je ten \u010di onen kandid\u00e1t ten nejlep\u0161\u00ed ze v\u0161ech a v\u0161ichni, kte\u0159\u00ed vol\u00ed n\u011bkoho jin\u00e9ho, tak tomu nerozum\u00ed a maj\u00ed \u0161patn\u00fd n\u00e1zor. Bohu\u017eel tyto spory se objevuj\u00ed velmi \u010dasto a mohou m\u00edt za n\u00e1sledek rozh\u00e1d\u00e1n\u00ed jinak naprosto v po\u0159\u00e1dku funguj\u00edc\u00ed rodiny. Bohu\u017eel tyto ostr\u00e9 n\u00e1zory mohou v\u00e9st i k n\u00e1sil\u00ed na r\u016fzn\u00fdch demonstrac\u00edch \u010di celkov\u011b k extr\u00e9mn\u00edm \u010din\u016fm, kter\u00e9 pot\u00e9 spadaj\u00ed do kategorie potrestan\u00e9 z\u00e1konem. Cestou jak t\u011bmto ostr\u00fdm n\u00e1zor\u016fm a spor\u016fm p\u0159edej\u00edt je nau\u010dit se p\u0159ijmout fakt, \u017ee ka\u017ed\u00fd m\u016f\u017ee m\u00edt sv\u016fj n\u00e1zor, ka\u017ed\u00fd si pro\u017eil jin\u00e9 \u017eivotn\u00ed zku\u0161enosti, kter\u00e9 ho potom v rozhodov\u00e1n\u00ed ovliv\u0148uj\u00ed, a proto nikdy nenajdeme n\u011bkoho, s k\u00fdm bychom se shodli \u00fapln\u011b na v\u0161em, na co si vzpomeneme. Tak\u00e9 je d\u016fle\u017eit\u00e9 si uv\u011bdomit, \u017ee kdy\u017e zaujmeme jednu stranu n\u00e1zoru, tak m\u00e1me tendenci se obklopit d\u016fkazy, \u017ee ta na\u0161e strana je ta spr\u00e1vn\u00e1, co\u017e tak\u00e9 potom vede k nen\u00e1visti k opa\u010dn\u00e9mu n\u00e1zoru.                                                                                                                                                                                                                                                                                                                                                                                        4.1\/5 - (8 votes)        "},{"@context":"https:\/\/schema.org\/","@type":"BreadcrumbList","itemListElement":[{"@type":"ListItem","position":1,"name":"Kontroverzn\u00ed t\u00e9mata ve spole\u010dnosti","item":"https:\/\/www.venstar.cz\/kontroverzni-temata-ve-spolecnosti\/#breadcrumbitem"}]}]