[{"@context":"https:\/\/schema.org\/","@type":"Article","@id":"https:\/\/www.venstar.cz\/nemaji-vedlejsi-ucinky\/#Article","mainEntityOfPage":"https:\/\/www.venstar.cz\/nemaji-vedlejsi-ucinky\/","headline":"Nemaj\u00ed vedlej\u0161\u00ed \u00fa\u010dinky","name":"Nemaj\u00ed vedlej\u0161\u00ed \u00fa\u010dinky","description":"Obdob\u00ed mezi 45. &#8211; 55. rokem pro\u017e\u00edv\u00e1 v\u011bt\u0161ina \u017een menopauzu. Menopauza = klimakteriumzp\u016fsobuje, \u017ee \u017eena poci\u0165uje v\u00fdrazn\u00e9 zm\u011bny, kter\u00e9 trvaj\u00ed p\u016fl a\u017e dva roky. Mnoh\u00e9 p\u0159\u00edznaky klimakteria je nutno p\u0159i\u010d\u00edtat hormon\u00e1ln\u00edm zm\u011bn\u00e1m, ale hlavn\u00edmi faktory je celkov\u00e9 zdrav\u00ed \u017eeny a jej\u00ed \u017eivotn\u00ed styl. Na nich z\u00e1le\u017e\u00ed, jak se \u017eeny zm\u011bn\u00e1m dok\u00e1\u017e\u00ed p\u0159izp\u016fsobit. Mnoho nep\u0159\u00edjemn\u00fdch stav\u016f, [&hellip;]","datePublished":"2024-11-14","dateModified":"2024-11-14","author":{"@type":"Person","@id":"https:\/\/www.venstar.cz\/author\/#Person","name":"","url":"https:\/\/www.venstar.cz\/author\/","identifier":1,"image":{"@type":"ImageObject","@id":"https:\/\/secure.gravatar.com\/avatar\/f677d652d46d6437b40497bee38030612d53a3103b24904f519be33cae485306?s=96&d=mm&r=g","url":"https:\/\/secure.gravatar.com\/avatar\/f677d652d46d6437b40497bee38030612d53a3103b24904f519be33cae485306?s=96&d=mm&r=g","height":96,"width":96}},"publisher":{"@type":"Organization","name":"venstar.cz","logo":{"@type":"ImageObject","@id":"\/logo.png","url":"\/logo.png","width":600,"height":60}},"url":"https:\/\/www.venstar.cz\/nemaji-vedlejsi-ucinky\/","wordCount":175,"articleBody":"Obdob\u00ed mezi 45. &#8211; 55. rokem pro\u017e\u00edv\u00e1 v\u011bt\u0161ina \u017een menopauzu. Menopauza = klimakteriumzp\u016fsobuje, \u017ee \u017eena poci\u0165uje v\u00fdrazn\u00e9 zm\u011bny, kter\u00e9 trvaj\u00ed p\u016fl a\u017e dva roky. Mnoh\u00e9 p\u0159\u00edznaky klimakteria je nutno p\u0159i\u010d\u00edtat hormon\u00e1ln\u00edm zm\u011bn\u00e1m, ale hlavn\u00edmi faktory je celkov\u00e9 zdrav\u00ed \u017eeny a jej\u00ed \u017eivotn\u00ed styl. Na nich z\u00e1le\u017e\u00ed, jak se \u017eeny zm\u011bn\u00e1m dok\u00e1\u017e\u00ed p\u0159izp\u016fsobit.Mnoho nep\u0159\u00edjemn\u00fdch stav\u016f, kter\u00e9 menopauza p\u0159in\u00e1\u0161\u00ed, je v\u00fdsledkem \u0161patn\u00e9 stravy, stresu a nedostatku pohybov\u00e9 aktivity. Tak\u00e9 u mu\u017e\u016f se ve v\u011bku kolem pades\u00e1tky objevuje n\u011bco podobn\u00e9ho. U v\u0161ech &#8211; mu\u017e\u016f i \u017een &#8211; lze mnoh\u00e9 upravit do spr\u00e1vn\u00fdm j\u00eddeln\u00ed\u010dkem, cvi\u010den\u00edm a \u00fapravou \u017eivotn\u00edho stylu.\tHlavn\u00ed p\u0159\u00edznaky menopauzyA jak\u00e9 hlavn\u00ed p\u0159\u00edznaky n\u00e1m menopauza p\u0159in\u00e1\u0161\u00ed? N\u00e1valy, emocion\u00e1ln\u00ed labilitu, nespavost, deprese, ztuhlost kloub\u016f, bolest v oblasti prsou, suchou poko\u017eku a \u017ealude\u010dn\u00ed pot\u00ed\u017ee. Zkuste nez\u00e1vaznou zkou\u0161ku na\u0161eho prepar\u00e1tu na 30 dn\u00ed!                                                                                                                                                                                                                                                                                                                                                                                        4\/5 - (3 votes)        "},{"@context":"https:\/\/schema.org\/","@type":"BreadcrumbList","itemListElement":[{"@type":"ListItem","position":1,"name":"Nemaj\u00ed vedlej\u0161\u00ed \u00fa\u010dinky","item":"https:\/\/www.venstar.cz\/nemaji-vedlejsi-ucinky\/#breadcrumbitem"}]}]