[{"@context":"https:\/\/schema.org\/","@type":"Article","@id":"https:\/\/www.venstar.cz\/vestavene-skrine-jsou-skvelym-uloznym-prostorem\/#Article","mainEntityOfPage":"https:\/\/www.venstar.cz\/vestavene-skrine-jsou-skvelym-uloznym-prostorem\/","headline":"Vestav\u011bn\u00e9 sk\u0159\u00edn\u011b jsou skv\u011bl\u00fdm \u00falo\u017en\u00fdm prostorem","name":"Vestav\u011bn\u00e9 sk\u0159\u00edn\u011b jsou skv\u011bl\u00fdm \u00falo\u017en\u00fdm prostorem","description":"\u00dalo\u017en\u00e9 prostory pot\u0159ebujeme na nejr\u016fzn\u011bj\u0161\u00ed v\u011bci. Knihy, oble\u010den\u00ed, n\u00e1dob\u00ed\u2026v\u0161echno, co vlastn\u00edme, chceme m\u00edt n\u011bjak\u00fdm zp\u016fsobem ulo\u017een\u00e9 a zorganizovan\u00e9. K tomu n\u00e1m slou\u017e\u00ed \u00falo\u017en\u00fd n\u00e1bytek. Komody, \u0161upl\u00edky sk\u0159\u00edn\u011b. Najdete n\u011bjak\u00e9 v ka\u017ed\u00e9 dom\u00e1cnosti. Obl\u00edben\u00fdm \u00falo\u017en\u00fdm prostorem jsou vestav\u011bn\u00e9 sk\u0159\u00edn\u011b, kter\u00e9 si m\u016f\u017eete za\u0159\u00eddit dle sv\u00e9 libosti. Sami si \u0159eknete, jak by m\u011bli vypadat, z jak\u00e9ho budou [&hellip;]","datePublished":"2025-03-29","dateModified":"2025-03-29","author":{"@type":"Person","@id":"https:\/\/www.venstar.cz\/author\/#Person","name":"","url":"https:\/\/www.venstar.cz\/author\/","identifier":1,"image":{"@type":"ImageObject","@id":"https:\/\/secure.gravatar.com\/avatar\/f677d652d46d6437b40497bee38030612d53a3103b24904f519be33cae485306?s=96&d=mm&r=g","url":"https:\/\/secure.gravatar.com\/avatar\/f677d652d46d6437b40497bee38030612d53a3103b24904f519be33cae485306?s=96&d=mm&r=g","height":96,"width":96}},"publisher":{"@type":"Organization","name":"venstar.cz","logo":{"@type":"ImageObject","@id":"\/logo.png","url":"\/logo.png","width":600,"height":60}},"image":{"@type":"ImageObject","@id":"https:\/\/www.venstar.cz\/wp-content\/uploads\/kamil-kalkan-Rug_4KezQgU-unsplash_1.jpg","url":"https:\/\/www.venstar.cz\/wp-content\/uploads\/kamil-kalkan-Rug_4KezQgU-unsplash_1.jpg","height":0,"width":0},"url":"https:\/\/www.venstar.cz\/vestavene-skrine-jsou-skvelym-uloznym-prostorem\/","about":["Zbo\u017e\u00ed"],"wordCount":420,"articleBody":"       \u00dalo\u017en\u00e9 prostory pot\u0159ebujeme na nejr\u016fzn\u011bj\u0161\u00ed v\u011bci. Knihy, oble\u010den\u00ed, n\u00e1dob\u00ed\u2026v\u0161echno, co vlastn\u00edme, chceme m\u00edt n\u011bjak\u00fdm zp\u016fsobem ulo\u017een\u00e9 a zorganizovan\u00e9. K tomu n\u00e1m slou\u017e\u00ed \u00falo\u017en\u00fd n\u00e1bytek. Komody, \u0161upl\u00edky sk\u0159\u00edn\u011b. Najdete n\u011bjak\u00e9 v ka\u017ed\u00e9 dom\u00e1cnosti. Obl\u00edben\u00fdm \u00falo\u017en\u00fdm prostorem jsou vestav\u011bn\u00e9 sk\u0159\u00edn\u011b, kter\u00e9 si m\u016f\u017eete za\u0159\u00eddit dle sv\u00e9 libosti. Sami si \u0159eknete, jak by m\u011bli vypadat, z jak\u00e9ho budou materi\u00e1lu. Z\u00edsk\u00e1te tak p\u0159esn\u011b takov\u00fd \u00falo\u017en\u00fd prostor, jak\u00fd chcete.A co finance? Vestav\u011bn\u00e9 sk\u0159\u00edn\u011b jsou samoz\u0159ejm\u011b dra\u017e\u0161\u00ed ne\u017e oby\u010dejn\u00e9 sk\u0159\u00edn\u011b. Cena vestav\u011bn\u00fdch sk\u0159\u00edn\u00ed na m\u00edru je r\u016fzn\u00e1. Podle toho, jak jsou velk\u00e9, z jak\u00e9ho jsou materi\u00e1lu, jak\u00e9ho jsou tvaru.Jak\u00e9 jsou v\u00fdhody sk\u0159\u00edn\u00ed na m\u00edru?Vyu\u017eit\u00ed prostoruSk\u0159\u00edn\u011b na m\u00edru jsou navr\u017een\u00e9 p\u0159esn\u011b podle rozm\u011br\u016f va\u0161eho prostoru. To v\u00e1m umo\u017en\u00ed vyu\u017e\u00edt ka\u017ed\u00fd kousek voln\u00e9ho prostoru ve va\u0161ich m\u00edstnostech. Nen\u00ed probl\u00e9mem ani nezvykle tvarovan\u00e1 m\u00edstnost. Dobr\u00fd v\u00fdrobce sk\u0159\u00edn\u00ed na m\u00edru si s t\u00edmto probl\u00e9mem porad\u00ed.P\u0159izp\u016fsoben\u00ed designuD\u00edky tomu, \u017ee va\u0161e sk\u0159\u00ed\u0148 bude na m\u00edru, m\u00e1te mo\u017enost si zvolit p\u0159esn\u011b takov\u00fd design, jak\u00fd chcete. M\u016f\u017eete vyb\u00edrat z r\u016fzn\u00fdch materi\u00e1l\u016f a r\u016fzn\u00fdch barev. Zvol\u00edte si tak\u00e9 vzhled, jak\u00fd chcete, zda budete m\u00edt \u0161upl\u00edky, zav\u00edrac\u00ed dve\u0159e, posuvn\u00e9 dve\u0159e, jak\u00e9 budete m\u00edt \u00fachytky a podobn\u011b.Funk\u010dnostM\u016f\u017eete si tak\u00e9 navrhnout rozlo\u017een\u00ed sk\u0159\u00edn\u011b, kter\u00e9 v\u00e1m bude vyhovovat. Rozlo\u017een\u00ed poli\u010dek, \u0161upl\u00edk\u016f. D\u00edky tomu budete v\u011bd\u011bt, \u017ee se v\u00e1m do sk\u0159\u00edn\u00ed vleze v\u0161echno, co pot\u0159ebujete. Nav\u00edc, m\u016f\u017eete si d\u00edky tomu zorganizovat svoje v\u011bci p\u0159esn\u011b tak, jak v\u00e1m to bude nejpohodln\u011bj\u0161\u00ed.P\u0159idan\u00e1 hodnotaKvalitn\u00ed vestav\u011bn\u00e9 sk\u0159\u00edn\u011b zv\u00fd\u0161\u00ed hodnotu va\u0161eho domu. Vestav\u011bn\u00e9 sk\u0159\u00edn\u011b nelze nikam p\u0159esunovat, tak\u017ee pokud se budete st\u011bhovat, nem\u016f\u017eete si je vz\u00edt s sebou. Ale kdybyste v\u00e1\u0161 d\u016fm prod\u00e1vali, m\u016f\u017eete si za n\u011bj stanovit o n\u011bco vy\u0161\u0161\u00ed cenu. Nov\u00fdm kupc\u016fm toti\u017e u\u0161et\u0159\u00edte pen\u00edze za nutn\u00e9 kupov\u00e1n\u00ed sk\u0159\u00edn\u00ed.                                                                                                                                                                                                                                                                                                                                                                                          4\/5 - (6 votes)        "},{"@context":"https:\/\/schema.org\/","@type":"BreadcrumbList","itemListElement":[{"@type":"ListItem","position":1,"name":"Vestav\u011bn\u00e9 sk\u0159\u00edn\u011b jsou skv\u011bl\u00fdm \u00falo\u017en\u00fdm prostorem","item":"https:\/\/www.venstar.cz\/vestavene-skrine-jsou-skvelym-uloznym-prostorem\/#breadcrumbitem"}]}]